{"id":3744,"date":"2023-07-25T14:31:14","date_gmt":"2023-07-25T14:31:14","guid":{"rendered":"https:\/\/reve-provencal.com\/?p=3744"},"modified":"2023-07-29T13:50:40","modified_gmt":"2023-07-29T13:50:40","slug":"visite-du-palais-des-papes-et-avignon","status":"publish","type":"post","link":"https:\/\/reve-provencal.com\/fr\/visite-du-palais-des-papes-et-avignon\/","title":{"rendered":"Visite du Palais des Papes et d&rsquo;Avignon"},"content":{"rendered":"<p>Situ\u00e9e au bord du Rh\u00f4ne, Avignon vaut la peine d&rsquo;\u00eatre visit\u00e9e. C&rsquo;est une ville typique du sud de la France, avec ses rues \u00e9troites, ses jolies places, ses jolies boutiques et ses nombreux restaurants o\u00f9 l&rsquo;on peut manger des plats savoureux. Et pendant que vous y \u00eates, une visite du Palais des Papes est fortement recommand\u00e9e. Si, comme nous, vous faites cette visite en hiver, il est conseill\u00e9 de s&rsquo;habiller chaudement. Il y faisait assez froid en raison d&rsquo;un fort mistral. En revanche, il y fera agr\u00e9ablement frais en \u00e9t\u00e9.<\/p>\n<h2>Id\u00e9ale hors saison<\/h2>\n<p>La visite d&rsquo;Avignon et du Palais des Papes est id\u00e9ale hors saison. Il fait moins chaud et il y a moins de monde. Venez profiter du <a href=\"https:\/\/reve-provencal.com\/fr\/pourquoi-la-fin-de-l-ete-en-provence\/\">fin d\u2019\u00e9t\u00e9 en Provence<\/a>, par exemple. Mais m\u00eame en janvier, Avignon s&rsquo;est av\u00e9r\u00e9 \u00eatre une ville agr\u00e9ablement vivant.<\/p>\n<h2>La ville d&rsquo;Avignon<\/h2>\n<p>Avignon est une ville d&rsquo;environ 90 000 habitants. Le centre historique &#8211; \u00e9galement appel\u00e9 \u00ab\u00a0intra-muros\u00a0\u00bb &#8211; est entour\u00e9 d&rsquo;un rempart fortifi\u00e9 datant de XIVe si\u00e8cle. Cet impressionnant rempart, d&rsquo;un longueur de 4,2 kilom\u00e8tres, comporte sept portes et pas moins de 39 tours. Le centre historique n&rsquo;est pas tr\u00e8s grand et il est donc tout \u00e0 fait possible d&rsquo;y passer une matin\u00e9e ou un apr\u00e8s-midi \u00e0 fl\u00e2ner. Les terrasses et les restaurants ne manquent pas. La vieille ville compte \u00e9galement un nombre impressionnant de peintures murales, appel\u00e9es trompe-l&rsquo;\u0153il. Cela donne l&rsquo;impression que des artistes du festival annuel se tiennent dans une fen\u00eatre, alors qu&rsquo;il s&rsquo;agit en r\u00e9alit\u00e9 d&rsquo;une peinture r\u00e9aliste.<\/p>\n<div class=\"et_pb_slider et_pb_slider_fullwidth_off et_pb_gallery_post_type\">\n\t\t\t\t<div class=\"et_pb_slides\">\n\t\t\t\t\t<div class=\"et_pb_slide\" style=\"background: url(https:\/\/reve-provencal.com\/wp-content\/uploads\/muurschildering-trompe-d-oeil-avignon.jpg);\"><\/div><div class=\"et_pb_slide\" style=\"background: url(https:\/\/reve-provencal.com\/wp-content\/uploads\/fiets-avignon.jpg);\"><\/div><div class=\"et_pb_slide\" style=\"background: url(https:\/\/reve-provencal.com\/wp-content\/uploads\/avignon-oude-muur-in-moderne-muur.jpg);\"><\/div>\n\t\t\t\t<\/div>\n\t\t\t<\/div>\n<h2>Le Pont Saint-B\u00e9n\u00e9zet<\/h2>\n<p>Quand on pense \u00e0 Avignon, on pense naturellement \u00e0 la chanson \u00ab\u00a0Sur le pont d&rsquo;Avignon\u00a0\u00bb. Le pont de cette chanson est le <a href=\"https:\/\/fr.wikipedia.org\/wiki\/Pont_Saint-B%C3%A9n%C3%A9zet\" target=\"_blank\" rel=\"noopener\">Pont Saint-B\u00e9n\u00e9zet<\/a>. Le pont se distingue par le fait que seules quelques-unes des 22 arches d&rsquo;origine sont encore debout. \u00c0 une certaine \u00e9poque, le pont mesurait jusqu&rsquo;\u00e0 900 m\u00e8tres de long. D&rsquo;abord en bois, il a ensuite \u00e9t\u00e9 remplac\u00e9 par l&rsquo;actuel pont de pierre. Le pont ne pouvait \u00eatre construit que lorsque le niveau du Rh\u00f4ne n&rsquo;\u00e9tait pas trop \u00e9lev\u00e9. La visite du pont est payante.<\/p>\n<div class=\"et_pb_slider et_pb_slider_fullwidth_off et_pb_gallery_post_type\">\n\t\t\t\t<div class=\"et_pb_slides\">\n\t\t\t\t\t<div class=\"et_pb_slide\" style=\"background: url(https:\/\/reve-provencal.com\/wp-content\/uploads\/pont-saint-benezet-en-pausenpaleis.jpg);\"><\/div><div class=\"et_pb_slide\" style=\"background: url(https:\/\/reve-provencal.com\/wp-content\/uploads\/op-de-pont-saint-benezet.jpg);\"><\/div><div class=\"et_pb_slide\" style=\"background: url(https:\/\/reve-provencal.com\/wp-content\/uploads\/pont-saint-benezet.jpg);\"><\/div>\n\t\t\t\t<\/div>\n\t\t\t<\/div>\n<h2>Le Palais des Papes<\/h2>\n<p>De 1309 \u00e0 1377, les papes ont v\u00e9cu non pas \u00e0 Rome mais \u00e0 Avignon. Bien que cette p\u00e9riode soit appel\u00e9e l&rsquo;exil babylonien des papes, il ne s&rsquo;agit pas d&rsquo;un v\u00e9ritable exil. En effet, les papes ont v\u00e9cu volontairement en Avignon durant cette p\u00e9riode. Ce n&rsquo;est qu&rsquo;en 1335 que la construction de ce que l&rsquo;on appelle aujourd&rsquo;hui le <a href=\"https:\/\/palais-des-papes.com\/\" target=\"_blank\" rel=\"noopener\">Palais des Papes<\/a> a commenc\u00e9.<\/p>\n<p>Il s&rsquo;agit aujourd&rsquo;hui de la plus grande structure gothique du Moyen \u00c2ge que l&rsquo;on puisse trouver en Europe. \u00c0 ce titre, elle est v\u00e9ritablement impressionnante. Pour vous donner une id\u00e9e :<\/p>\n<ul>\n<li>15000 m2 de surface au sol<\/li>\n<li>2 cours int\u00e9rieures<\/li>\n<li>12 tours<\/li>\n<li>2 chapelles dans la plus grande tour<\/li>\n<\/ul>\n<div class=\"et_pb_slider et_pb_slider_fullwidth_off et_pb_gallery_post_type\">\n\t\t\t\t<div class=\"et_pb_slides\">\n\t\t\t\t\t<div class=\"et_pb_slide\" style=\"background: url(https:\/\/reve-provencal.com\/wp-content\/uploads\/ingang-pausenpaleis-in-avignon.jpg);\"><\/div><div class=\"et_pb_slide\" style=\"background: url(https:\/\/reve-provencal.com\/wp-content\/uploads\/bloesem-in-tuin-pausenpaleis.jpg);\"><\/div><div class=\"et_pb_slide\" style=\"background: url(https:\/\/reve-provencal.com\/wp-content\/uploads\/tuin-van-pausenpaleis.jpg);\"><\/div><div class=\"et_pb_slide\" style=\"background: url(https:\/\/reve-provencal.com\/wp-content\/uploads\/decoratie-binnenkant-pausenpaleis.jpg);\"><\/div><div class=\"et_pb_slide\" style=\"background: url(https:\/\/reve-provencal.com\/wp-content\/uploads\/beeld-buitenkant-pausenpaleis.jpg);\"><\/div><div class=\"et_pb_slide\" style=\"background: url(https:\/\/reve-provencal.com\/wp-content\/uploads\/beeldje-in-pausenpaleis.jpg);\"><\/div>\n\t\t\t\t<\/div>\n\t\t\t<\/div>\n<p>25 pi\u00e8ces et le jardin sont ouverts aux visiteurs. Et ce qui est bien, c&rsquo;est qu&rsquo;\u00e0 l&rsquo;aide d&rsquo;une tablette que l&rsquo;on emprunte en entrant, on peut voir \u00e0 quoi cela ressemblait avant. Des tapis sont projet\u00e9s sur les murs, des meubles apparaissent, etc. La vid\u00e9o ci-dessous vous donne une id\u00e9e de ce \u00e0 quoi cela ressemble. Le fonctionnement est tr\u00e8s simple et apporte une r\u00e9elle valeur ajout\u00e9e \u00e0 la visite du Palais des Papes.<\/p>\n<p><iframe loading=\"lazy\" title=\"YouTube video player\" src=\"https:\/\/www.youtube.com\/embed\/CwLa4ZWn1qk\" width=\"560\" height=\"315\" frameborder=\"0\" allowfullscreen=\"allowfullscreen\"><\/iframe><\/p>\n<h2>La visite du Palais des papes tr\u00e8s amusante pour les enfants<\/h2>\n<p>La visite interactive \u00e0 l&rsquo;aide d&rsquo;une tablette rend \u00e9galement la visite du Palais des papes tr\u00e8s amusante pour les enfants. Il y a m\u00eame une chasse au tr\u00e9sor. Dans le blog <a href=\"https:\/\/reve-provencal.com\/nl\/activiteiten-met-kinderen-in-de-provence\/\">Top 10 des activit\u00e9s avec enfants en Provence<\/a>, vous trouverez encore plus d&rsquo;id\u00e9es d&rsquo;activit\u00e9s amusantes avec les enfants pr\u00e8s de notre h\u00e9bergement.<\/p>\n<p>Envie de visiter le Palais des Papes et Avignon ? Notre g\u00eete avec piscine priv\u00e9e est un excellent point de d\u00e9part pour cette visite, mais aussi pour de nombreuses autres excursions et activit\u00e9s dans la r\u00e9gion. Jetez un coup d&rsquo;\u0153il \u00e0 nos <a href=\"https:\/\/reve-provencal.com\/fr\/tarifs-et-disponibilites\/#disponibilite\">disponibilit\u00e9s<\/a>.<\/p>\n","protected":false},"excerpt":{"rendered":"<p>Situ\u00e9e au bord du Rh\u00f4ne, Avignon vaut la peine d&rsquo;\u00eatre visit\u00e9e. C&rsquo;est une ville typique du sud de la France, avec ses rues \u00e9troites, ses jolies places, ses jolies boutiques et ses nombreux restaurants o\u00f9 l&rsquo;on peut manger des plats savoureux. Et pendant que vous y \u00eates, une visite du Palais des Papes est fortement [&hellip;]<\/p>\n","protected":false},"author":1,"featured_media":3697,"comment_status":"open","ping_status":"closed","sticky":false,"template":"","format":"standard","meta":{"_et_pb_use_builder":"","_et_pb_old_content":"","_et_gb_content_width":"","footnotes":""},"categories":[28],"tags":[51,29],"class_list":["post-3744","post","type-post","status-publish","format-standard","has-post-thumbnail","hentry","category-sorties","tag-art-et-culture","tag-avec-des-enfants"],"_links":{"self":[{"href":"https:\/\/reve-provencal.com\/fr\/wp-json\/wp\/v2\/posts\/3744","targetHints":{"allow":["GET"]}}],"collection":[{"href":"https:\/\/reve-provencal.com\/fr\/wp-json\/wp\/v2\/posts"}],"about":[{"href":"https:\/\/reve-provencal.com\/fr\/wp-json\/wp\/v2\/types\/post"}],"author":[{"embeddable":true,"href":"https:\/\/reve-provencal.com\/fr\/wp-json\/wp\/v2\/users\/1"}],"replies":[{"embeddable":true,"href":"https:\/\/reve-provencal.com\/fr\/wp-json\/wp\/v2\/comments?post=3744"}],"version-history":[{"count":3,"href":"https:\/\/reve-provencal.com\/fr\/wp-json\/wp\/v2\/posts\/3744\/revisions"}],"predecessor-version":[{"id":3762,"href":"https:\/\/reve-provencal.com\/fr\/wp-json\/wp\/v2\/posts\/3744\/revisions\/3762"}],"wp:featuredmedia":[{"embeddable":true,"href":"https:\/\/reve-provencal.com\/fr\/wp-json\/wp\/v2\/media\/3697"}],"wp:attachment":[{"href":"https:\/\/reve-provencal.com\/fr\/wp-json\/wp\/v2\/media?parent=3744"}],"wp:term":[{"taxonomy":"category","embeddable":true,"href":"https:\/\/reve-provencal.com\/fr\/wp-json\/wp\/v2\/categories?post=3744"},{"taxonomy":"post_tag","embeddable":true,"href":"https:\/\/reve-provencal.com\/fr\/wp-json\/wp\/v2\/tags?post=3744"}],"curies":[{"name":"wp","href":"https:\/\/api.w.org\/{rel}","templated":true}]}}