{"id":1143,"date":"2022-07-30T19:35:12","date_gmt":"2022-07-30T19:35:12","guid":{"rendered":"https:\/\/reve-provencal.com\/?p=1143"},"modified":"2024-07-14T13:34:51","modified_gmt":"2024-07-14T13:34:51","slug":"tremper-les-pieds-dans-la-cascade-d-aubres","status":"publish","type":"post","link":"https:\/\/reve-provencal.com\/fr\/tremper-les-pieds-dans-la-cascade-d-aubres\/","title":{"rendered":"Tremper les pieds dans la Cascade d&rsquo;Aubres"},"content":{"rendered":"<p><strong>Quoi de mieux que de profiter de l\u2019eau merveilleusement fra\u00eeche pendant une chaude journ\u00e9e d&rsquo;\u00e9t\u00e9 ? Notre conseil : la Cascade d&rsquo;Aubres. Une cascade facilement accessible. Et une jolie sortie \u00e0 faire avec <a href=\"https:\/\/reve-provencal.com\/fr\/tag\/avec-des-enfants\/\">les enfants<\/a> lors d&rsquo;un s\u00e9jour dans <a href=\"https:\/\/reve-provencal.com\/fr\/gite-avec-piscine-privee-dans-le-sud-de-la-france\/\">notre g\u00eete<\/a>.<\/strong><\/p>\n<h2>\u00c0 la d\u00e9couverte en v\u00e9lo<\/h2>\n<p>R\u00e9cemment, nous avons re\u00e7u des amis. Nous avons d\u00e9cid\u00e9 d&rsquo;aller \u00e0 la d\u00e9couverte \u00e0 v\u00e9lo. Par le Col de la Croix Rouge (513 m) et le village photog\u00e9nique des Pilles, nous avons <a href=\"https:\/\/www.strava.com\/activities\/5579535744\" target=\"_blank\" rel=\"noopener\">p\u00e9dal\u00e9<\/a> jusqu&rsquo;\u00e0 la Cascade d&rsquo;Aubres. C&rsquo;\u00e9tait une journ\u00e9e chaude et nous ne savons pas \u00e0 quoi s&rsquo;attendre de la cascade.<\/p>\n<h2>Agr\u00e9ablement surpris<\/h2>\n<p>Du village d&rsquo;Aubres la route montait agr\u00e9ablement et apr\u00e8s moins de 1,5 kilom\u00e8tre nous arrivions \u00e0 la Cascade d&rsquo;Aubres. Nous avons \u00e9t\u00e9 agr\u00e9ablement surpris. Devant la cascade, il y a un certain nombre de petits bassins dans lesquels on peut facilement tremper les pieds. Ou quand vous avez vos maillots de bain avec vous, vous pouvez m\u00eame se baigner. Nous avons donc rapidement enlev\u00e9 nos chaussures et nos chaussettes et avons explor\u00e9 les bassins et la cascade. Fortement recommand\u00e9 !<\/p>\n<h2>Du monde en haute saison ?<\/h2>\n<p>Nous ne pouvons pas encore dire \u00e0 quel point cette cascade est connue et \u00e0 quel point elle est fr\u00e9quent\u00e9e en haute saison. Il n&rsquo;y a pas non plus beaucoup d&rsquo;espace pour garer les voitures. Une question d&rsquo;essayer. Si vous avez visit\u00e9 la cascade, n&rsquo;h\u00e9sitez pas \u00e0 nous dire ce que vous en avez pens\u00e9 ci-dessous !<\/p>\n<h2>Alternatives<\/h2>\n<p>D&rsquo;autres endroits sympas pour se baigner ou se tremper les pieds sont sous les ponts romains de Nyons et d&rsquo;Entrechaux ou dans la Sauve. La Sauve est un ruisseau juste \u00e0 l&rsquo;ext\u00e9rieur de Venterol, o\u00f9 vous pourrez vous baigner \u00e0 plusieurs endroits. La signal\u00e9tique indique \u00ab Combe de Sauve \u00bb. Et bien s\u00fbr il y a les fameuses Gorges de Toulourenc, mais il y a eu beaucoup de monde ces derni\u00e8res ann\u00e9es.<\/p>\n<p>L&rsquo;itin\u00e9raire le plus rapide en voiture est indiqu\u00e9 ci-dessous.<\/p>\n<p><iframe loading=\"lazy\" style=\"border: 0;\" src=\"https:\/\/www.google.com\/maps\/embed?pb=!1m28!1m12!1m3!1d45650.84918166097!2d5.097560090917081!3d44.34739292989477!2m3!1f0!2f0!3f0!3m2!1i1024!2i768!4f13.1!4m13!3e0!4m5!1s0x12ca81af6db38b43%3A0xed5b438d307288e3!2sLe%20R%C3%AAve%20Proven%C3%A7al%2C%20Les%20Trailles%2C%20Mirabel-aux-Baronnies!3m2!1d44.3081184!2d5.1067551!4m5!1s0x12ca845d4cf95f6d%3A0x87f35bc3e2457f05!2sCascade%20d'Aubres%2C%2026110%20Aubres!3m2!1d44.3866841!2d5.1648999!5e0!3m2!1sen!2sfr!4v1626352759241!5m2!1sen!2sfr\" width=\"100%\" height=\"450\" allowfullscreen=\"allowfullscreen\"><span data-mce-type=\"bookmark\" style=\"display: inline-block; width: 0px; overflow: hidden; line-height: 0;\" class=\"mce_SELRES_start\">\ufeff<\/span><\/iframe><\/p>\n<p>&nbsp;<\/p>\n<div class=\"et_pb_slider et_pb_slider_fullwidth_off et_pb_gallery_post_type\">\n\t\t\t\t<div class=\"et_pb_slides\">\n\t\t\t\t\t<div class=\"et_pb_slide\" style=\"background: url(https:\/\/reve-provencal.com\/wp-content\/uploads\/gastvrouw-col-de-la-croix-rouge.jpg);\"><\/div><div class=\"et_pb_slide\" style=\"background: url(https:\/\/reve-provencal.com\/wp-content\/uploads\/fietsers-op-de-col-de-la-croix-rouge.jpg);\"><\/div><div class=\"et_pb_slide\" style=\"background: url(https:\/\/reve-provencal.com\/wp-content\/uploads\/col-de-la-croix-rouge.jpg);\"><\/div><div class=\"et_pb_slide\" style=\"background: url(https:\/\/reve-provencal.com\/wp-content\/uploads\/brug-in-les-pilles.jpg);\"><\/div><div class=\"et_pb_slide\" style=\"background: url(https:\/\/reve-provencal.com\/wp-content\/uploads\/waterval-cascade-d-aubres.jpg);\"><\/div><div class=\"et_pb_slide\" style=\"background: url(https:\/\/reve-provencal.com\/wp-content\/uploads\/romeinse-brug-nyons-scaled.jpg);\"><\/div><div class=\"et_pb_slide\" style=\"background: url(https:\/\/reve-provencal.com\/wp-content\/uploads\/combe-de-la-sauve.jpg);\"><\/div><div class=\"et_pb_slide\" style=\"background: url(https:\/\/reve-provencal.com\/wp-content\/uploads\/pootjebaden-gorges-de-toulourenc.jpg);\"><\/div><div class=\"et_pb_slide\" style=\"background: url(https:\/\/reve-provencal.com\/wp-content\/uploads\/20220815_151634-scaled.jpg);\"><\/div>\n\t\t\t\t<\/div>\n\t\t\t<\/div>\n","protected":false},"excerpt":{"rendered":"<p>Quoi de mieux que de profiter de l\u2019eau merveilleusement fra\u00eeche pendant une chaude journ\u00e9e d&rsquo;\u00e9t\u00e9 ? Notre conseil : la Cascade d&rsquo;Aubres. Une cascade facilement accessible. Et une jolie sortie \u00e0 faire avec les enfants lors d&rsquo;un s\u00e9jour dans notre g\u00eete. \u00c0 la d\u00e9couverte en v\u00e9lo R\u00e9cemment, nous avons re\u00e7u des amis. Nous avons d\u00e9cid\u00e9 [&hellip;]<\/p>\n","protected":false},"author":1,"featured_media":1070,"comment_status":"open","ping_status":"closed","sticky":false,"template":"","format":"standard","meta":{"_et_pb_use_builder":"","_et_pb_old_content":"","_et_gb_content_width":"","footnotes":""},"categories":[28],"tags":[29,30],"class_list":["post-1143","post","type-post","status-publish","format-standard","has-post-thumbnail","hentry","category-sorties","tag-avec-des-enfants","tag-cyclisme"],"_links":{"self":[{"href":"https:\/\/reve-provencal.com\/fr\/wp-json\/wp\/v2\/posts\/1143","targetHints":{"allow":["GET"]}}],"collection":[{"href":"https:\/\/reve-provencal.com\/fr\/wp-json\/wp\/v2\/posts"}],"about":[{"href":"https:\/\/reve-provencal.com\/fr\/wp-json\/wp\/v2\/types\/post"}],"author":[{"embeddable":true,"href":"https:\/\/reve-provencal.com\/fr\/wp-json\/wp\/v2\/users\/1"}],"replies":[{"embeddable":true,"href":"https:\/\/reve-provencal.com\/fr\/wp-json\/wp\/v2\/comments?post=1143"}],"version-history":[{"count":15,"href":"https:\/\/reve-provencal.com\/fr\/wp-json\/wp\/v2\/posts\/1143\/revisions"}],"predecessor-version":[{"id":4116,"href":"https:\/\/reve-provencal.com\/fr\/wp-json\/wp\/v2\/posts\/1143\/revisions\/4116"}],"wp:featuredmedia":[{"embeddable":true,"href":"https:\/\/reve-provencal.com\/fr\/wp-json\/wp\/v2\/media\/1070"}],"wp:attachment":[{"href":"https:\/\/reve-provencal.com\/fr\/wp-json\/wp\/v2\/media?parent=1143"}],"wp:term":[{"taxonomy":"category","embeddable":true,"href":"https:\/\/reve-provencal.com\/fr\/wp-json\/wp\/v2\/categories?post=1143"},{"taxonomy":"post_tag","embeddable":true,"href":"https:\/\/reve-provencal.com\/fr\/wp-json\/wp\/v2\/tags?post=1143"}],"curies":[{"name":"wp","href":"https:\/\/api.w.org\/{rel}","templated":true}]}}